{"id":10791,"date":"2025-07-01T07:27:06","date_gmt":"2025-07-01T05:27:06","guid":{"rendered":"https:\/\/mariolab.hr\/pierwsze-objawy-demencji-i-choroby-alzheimera-rozpoznaj-znaki-na-czas-i-dzialaj-naturalnie\/"},"modified":"2025-07-01T08:14:55","modified_gmt":"2025-07-01T06:14:55","slug":"pierwsze-objawy-demencji-i-choroby-alzheimera-rozpoznaj-znaki-na-czas-i-dzialaj-naturalnie","status":"publish","type":"post","link":"https:\/\/mariolab.hr\/pl\/pierwsze-objawy-demencji-i-choroby-alzheimera-rozpoznaj-znaki-na-czas-i-dzialaj-naturalnie\/","title":{"rendered":"Pierwsze objawy demencji i choroby Alzheimera: Rozpoznaj znaki na czas i dzia\u0142aj naturalnie"},"content":{"rendered":"\n          \n\n          <figure class=\"wp-block-embed is-type-video is-provider-youtube wp-block-embed-youtube wp-embed-aspect-16-9 wp-has-aspect-ratio\">\n            <div class=\"wp-block-embed__wrapper\">\n<div class=\"wpbf-responsive-embed\"><iframe title=\"Kako prepoznati demenciju? Opis najopasnijih simptoma...\" width=\"1200\" height=\"675\" src=\"https:\/\/www.youtube.com\/embed\/_LTzGgeQcQ8?feature=oembed\" frameborder=\"0\" allow=\"accelerometer; autoplay; clipboard-write; encrypted-media; gyroscope; picture-in-picture; web-share\" referrerpolicy=\"strict-origin-when-cross-origin\" allowfullscreen><\/iframe><\/div>\n<\/div>\n          <\/figure>\n          \n\n        \n\n<p>Demencja nie jest po prostu &#8220;cz\u0119\u015bci\u0105 starzenia si\u0119&#8221; \u2013 jest to powa\u017cny stan neurologiczny, kt\u00f3ry stopniowo niszczy pami\u0119\u0107, logik\u0119, mow\u0119 i zdolno\u015b\u0107 do codziennego funkcjonowania. <strong>Choroba Alzheimera<\/strong>, jako najcz\u0119stsza forma demencji, dotyka miliony ludzi na ca\u0142ym \u015bwiecie \u2013 i cz\u0119sto zaczyna si\u0119 podst\u0119pnie, od \u0142agodnych objaw\u00f3w, kt\u00f3re wielu ignoruje.<\/p>\n\n<p>W tym artykule dowiesz si\u0119, <strong>jak rozpozna\u0107 pierwsze objawy demencji<\/strong>, dlaczego wczesna diagnoza ma kluczowe znaczenie oraz jakie <strong>naturalne \u015brodki i wskaz\u00f3wki \u017cywieniowe mog\u0105 pom\u00f3c w zapobieganiu i spowolnieniu choroby<\/strong>.<\/p>\n\n<hr class=\"wp-block-separator has-alpha-channel-opacity\" \/>\n\n<h2 class=\"wp-block-heading\">\ud83d\udccc <strong>Dlaczego wa\u017cne jest, aby wcze\u015bnie rozpozna\u0107 demencj\u0119?<\/strong><\/h2>\n\n<p>Demencja rozwija si\u0119 stopniowo. We wczesnych stadiach objawy s\u0105 \u0142agodne i \u0142atwo je przypisa\u0107 stresowi, zm\u0119czeniu lub normalnemu starzeniu si\u0119. Jednak <strong>wczesne rozpoznanie objaw\u00f3w<\/strong> mo\u017ce drastycznie spowolni\u0107 post\u0119p choroby, poprawi\u0107 jako\u015b\u0107 \u017cycia i umo\u017cliwi\u0107 rodzinie zaplanowanie przysz\u0142ej opieki i wsparcia.  <\/p>\n\n<hr class=\"wp-block-separator has-alpha-channel-opacity\" \/>\n\n<h2 class=\"wp-block-heading\">\u26a0\ufe0f <strong>15 najcz\u0119stszych wczesnych objaw\u00f3w demencji i choroby Alzheimera<\/strong><\/h2>\n\n<h3 class=\"wp-block-heading\">1. <strong>Zapomnienie, kt\u00f3re przeszkadza w codziennym \u017cyciu<\/strong><\/h3>\n\n<p>Zapominanie o ostatnich informacjach, wa\u017cnych datach, wydarzeniach lub powtarzanie w k\u00f3\u0142ko tych samych pyta\u0144 jest jednym z najwcze\u015bniejszych objaw\u00f3w choroby Alzheimera.<\/p>\n\n<h3 class=\"wp-block-heading\">2. <strong>Trudno\u015bci w planowaniu i rozwi\u0105zywaniu problem\u00f3w<\/strong><\/h3>\n\n<p>Osoby z demencj\u0105 maj\u0105 trudno\u015bci z koncentracj\u0105, zapominaj\u0105, jak p\u0142aci\u0107 rachunki lub post\u0119puj\u0105 zgodnie z prostymi instrukcjami w przepisach.<\/p>\n\n<h3 class=\"wp-block-heading\">3. <strong>Trudno\u015bci w wykonywaniu znanych zada\u0144<\/strong><\/h3>\n\n<p>Zapomina si\u0119, jak korzysta\u0107 z telefonu kom\u00f3rkowego, kuchenki mikrofalowej lub dosta\u0107 si\u0119 w znajome miejsce. Nawet codzienne czynno\u015bci staj\u0105 si\u0119 wyzwaniem. <\/p>\n\n<h3 class=\"wp-block-heading\">4. <strong>Dezorientacja w czasie i przestrzeni<\/strong><\/h3>\n\n<p>Cz\u0142owiek traci poczucie dat, p\u00f3r roku, a nawet w\u0142asnej lokalizacji \u2013 nie wie, gdzie jest ani jak si\u0119 tam dosta\u0142.<\/p>\n\n<h3 class=\"wp-block-heading\">5. <strong>Pogorszenie problem\u00f3w ze wzrokiem i percepcj\u0105<\/strong><\/h3>\n\n<p>Trudno\u015bci z ocen\u0105 odleg\u0142o\u015bci, kontrast i kolor, niepewny ch\u00f3d, utrata r\u00f3wnowagi \u2013 wszystko to mog\u0105 by\u0107 neurologiczne objawy demencji.<\/p>\n\n<h3 class=\"wp-block-heading\">6. <strong>Trudno\u015bci w m\u00f3wieniu i pisaniu<\/strong><\/h3>\n\n<p>Ludzie gubi\u0105 w\u0105tek rozmowy, zapominaj\u0105 s\u0142owa, m\u00f3wi\u0105 niesk\u0142adnie i cz\u0119sto u\u017cywaj\u0105 nieodpowiednich wyra\u017ce\u0144.<\/p>\n\n<h3 class=\"wp-block-heading\">7. <strong>Utrata rzeczy i paranoja<\/strong><\/h3>\n\n<p>Klucze l\u0105duj\u0105 w lod\u00f3wce, pieni\u0105dze nie wiadomo, gdzie si\u0119 podzia\u0142y, a cz\u0119sto oskar\u017ca si\u0119 innych o ich kradzie\u017c \u2013 bez konkretnego powodu.<\/p>\n\n<h3 class=\"wp-block-heading\">8. <strong>Zmniejszona ocena<\/strong><\/h3>\n\n<p>Osoby z demencj\u0105 staj\u0105 si\u0119 podatne na pochopne decyzje \u2013 irracjonalnie wydaj\u0105 pieni\u0105dze, zaniedbuj\u0105 higien\u0119 osobist\u0105 i nara\u017caj\u0105 si\u0119 na ryzyko.<\/p>\n\n<h3 class=\"wp-block-heading\">9. <strong>Wycofanie si\u0119 z \u017cycia spo\u0142ecznego<\/strong><\/h3>\n\n<p>Zaniedbywanie hobby, wycofywanie si\u0119 z przyja\u017ani i relacji rodzinnych \u2013 to cz\u0119ste zjawisko.<\/p>\n\n<h3 class=\"wp-block-heading\">10. <strong>Zmiany nastroju i osobowo\u015bci<\/strong><\/h3>\n\n<p>Rozwija si\u0119 podejrzliwo\u015b\u0107, depresja, l\u0119k, strach, \u0142atwe zdenerwowanie i wycofanie si\u0119 w sobie.<\/p>\n\n<h3 class=\"wp-block-heading\">11. <strong>Niew\u0142a\u015bciwe zachowanie i oskar\u017canie bliskich<\/strong><\/h3>\n\n<p>Zdarza si\u0119, \u017ce ludzie oskar\u017caj\u0105 swoich bliskich o kradzie\u017c samochod\u00f3w, pieni\u0119dzy lub spisek \u2013 bez \u017cadnych dowod\u00f3w.<\/p>\n\n<h3 class=\"wp-block-heading\">12. <strong>S\u0142aba orientacja w \u017cyciu codziennym<\/strong><\/h3>\n\n<p>Nag\u0142e zmiany w zachowaniu, nierozumienie gdzie s\u0105, dok\u0105d zmierzaj\u0105, po co co\u015b jest \u2013 staj\u0105 si\u0119 coraz bardziej powszechne.<\/p>\n\n<h3 class=\"wp-block-heading\">13. <strong>Nieodpowiedzialne decyzje i nara\u017cenie na oszustwa<\/strong><\/h3>\n\n<p>Demencja cz\u0119sto powoduje utrat\u0119 poczucia rzeczywisto\u015bci, wi\u0119c osoba jest podatna na oszustwa finansowe lub przekazuje obcym poufne informacje.<\/p>\n\n<h3 class=\"wp-block-heading\">14. <strong>Niew\u0142a\u015bciwa dieta i nieregularne posi\u0142ki<\/strong><\/h3>\n\n<p>Zapominanie o jedzeniu, nierozpoznawanie g\u0142odu lub jedzenie zepsutego jedzenia mo\u017ce stanowi\u0107 powa\u017cne zagro\u017cenie dla zdrowia.<\/p>\n\n<h3 class=\"wp-block-heading\">15. <strong>Problemy ze snem i niepok\u00f3j<\/strong><\/h3>\n\n<p>Bezsenno\u015b\u0107, pobudzenie nocne i chodzenie w nocy s\u0105 powszechne u pacjent\u00f3w w \u015brodkowym stadium choroby.<\/p>\n\n<hr class=\"wp-block-separator has-alpha-channel-opacity\" \/>\n\n<h2 class=\"wp-block-heading\">\ud83c\udf3f <strong>Naturalne wsparcie dla zdrowia m\u00f3zgu i zapobiegania demencji<\/strong><\/h2>\n\n<p>Chocia\u017c na demencj\u0119 nie ma trwa\u0142ego lekarstwa, istniej\u0105 <strong>naturalne metody, kt\u00f3re mog\u0105 spowolni\u0107 lub zapobiec jej rozwojowi<\/strong>:<\/p>\n\n<h3 class=\"wp-block-heading\">\u2705 <strong>Od\u017cywianie dla m\u00f3zgu<\/strong><\/h3>\n\n<ul class=\"wp-block-list\">\n<li>Dieta \u015br\u00f3dziemnomorska<\/li>\n\n\n\n<li>Kwasy t\u0142uszczowe omega-3 (len, ryby, orzechy)<\/li>\n\n\n\n<li>Kurkuma, jagody, zielona herbata<\/li>\n\n\n\n<li>Witaminy B12, D, E<\/li>\n<\/ul>\n\n<h3 class=\"wp-block-heading\">\u2705 <strong>Ro\u015bliny lecznicze i suplementy<\/strong><\/h3>\n\n<ul class=\"wp-block-list\">\n<li><strong>Ginkgo biloba<\/strong> \u2013 poprawia kr\u0105\u017cenie do m\u00f3zgu<\/li>\n\n\n\n<li><strong>Bacopa monnieri (Brahmi)<\/strong> \u2013 poprawia pami\u0119\u0107 i koncentracj\u0119<\/li>\n\n\n\n<li><strong>Ashwagandha<\/strong> \u2013 redukuje stres<\/li>\n\n\n\n<li><strong>Resweratrol<\/strong> \u2013 silny antyoksydant<\/li>\n<\/ul>\n\n<h3 class=\"wp-block-heading\">\u2705 <strong>Styl \u017cycia<\/strong><\/h3>\n\n<ul class=\"wp-block-list\">\n<li>Regularna aktywno\u015b\u0107 fizyczna<\/li>\n\n\n\n<li>Aktywno\u015b\u0107 umys\u0142owa (krzy\u017c\u00f3wki, czytanie, uczenie si\u0119)<\/li>\n\n\n\n<li>Jako\u015b\u0107 snu<\/li>\n\n\n\n<li>Towarzysko\u015b\u0107 i wsparcie emocjonalne<\/li>\n<\/ul>\n\n<hr class=\"wp-block-separator has-alpha-channel-opacity\" \/>\n\n<h2 class=\"wp-block-heading\">\ud83d\udcda <strong>Polecane ksi\u0105\u017cki o zdrowiu m\u00f3zgu i naturalnym leczeniu<\/strong><\/h2>\n\n<p><strong>Mario Labudovi\u0107<\/strong>, autor i terapeuta z ponad 25-letnim do\u015bwiadczeniem, napisa\u0142 <strong>3 najlepsze ksi\u0105\u017cki<\/strong> , kt\u00f3re mog\u0105 pom\u00f3c w zrozumieniu i leczeniu demencji:<\/p>\n\n<ul class=\"wp-block-list\">\n<li>\ud83d\udcd8 <em>Post przerywany \u2013 sekret zdrowia i d\u0142ugowieczno\u015bci<\/em><\/li>\n\n\n\n<li>\ud83d\udcd7 <em>Cudowne naturalne \u015brodki zaradcze 1.<\/em><\/li>\n\n\n\n<li>\ud83d\udcd5 <em>Cudowne naturalne \u015brodki zaradcze 2.<\/em><\/li>\n<\/ul>\n\n<p>\ud83d\uded2 Dost\u0119pne online pod adresem: <a>https:\/\/mariolab.hr\/proizvodi\/knjige<\/a><\/p>\n\n<hr class=\"wp-block-separator has-alpha-channel-opacity\" \/>\n\n<h2 class=\"wp-block-heading\">\ud83c\udfe5 <strong>Centrum Mariolab \u2013 Ponad 25 lat do\u015bwiadczenia w naturalnym leczeniu<\/strong><\/h2>\n\n<p><strong>Centrum Mariolab (Zagrzeb, Chorwacja)<\/strong> zapewnia najwy\u017cszej klasy wsparcie w leczeniu demencji, choroby Alzheimera i innych przewlek\u0142ych schorze\u0144 <strong>bez stosowania lek\u00f3w chemicznych<\/strong>, stosuj\u0105c holistyczne i naturalne podej\u015bcie.<\/p>\n\n<p>\ud83d\udd39 Naturalne metody leczenia i od\u017cywiania<br\/>\ud83d\udd39 Holistyczne podej\u015bcie do zdrowia i zapobiegania chorobom<br\/>\ud83d\udd39 Fizjoterapia i rehabilitacja m\u00f3zgu i uk\u0142adu nerwowego<\/p>\n\n<p>\ud83d\udccd Adres: Ore\u0161kovi\u0107eva 1, Zagrzeb<br\/>\ud83d\udcde Kontakt: +385 98 9179 200<br\/>\ud83c\udf10 Wi\u0119cej informacji: <a class=\"\" href=\"https:\/\/mariolab.hr\/pl\/\">https:\/\/mariolab.hr<\/a><\/p>\n\n<p>\ud83d\udc49 Konsultacje s\u0105 r\u00f3wnie\u017c dost\u0119pne <strong>online przez telefon, WhatsApp i Viber<\/strong>.<\/p>\n\n<hr class=\"wp-block-separator has-alpha-channel-opacity\" \/>\n\n<h2 class=\"wp-block-heading\">\ud83c\udfa5 Ogl\u0105daj setki film\u00f3w o demencji<\/h2>\n\n<p>Na naszym kanale <strong>MarioLAB<\/strong> na YouTube mo\u017cna znale\u017a\u0107:<\/p>\n\n<ul class=\"wp-block-list\">\n<li>Ponad 100 film\u00f3w o <strong>demencji, profilaktyce i naturalnym leczeniu<\/strong><\/li>\n\n\n\n<li>Porady edukacyjne i praktyczne przewodniki<\/li>\n\n\n\n<li>Praktyczne do\u015bwiadczenie i wiedza z pierwszej r\u0119ki<\/li>\n<\/ul>\n\n<p>\ud83d\udd17 Subskrybuj: <a class=\"\" href=\"https:\/\/www.youtube.com\/@marioLAB\">https:\/\/www.youtube.com\/@marioLAB<\/a><\/p>\n\n<hr class=\"wp-block-separator has-alpha-channel-opacity\" \/>\n\n<h2 class=\"wp-block-heading\">\ud83e\udde0 Konkluzja<\/h2>\n\n<p>Demencji mo\u017cna zapobiec lub znacznie j\u0105 spowolni\u0107 \u2013 <strong>je\u015bli rozpoznasz j\u0105 w por\u0119 i zadzia\u0142asz<\/strong> naturalnie. Nie czekaj, a\u017c objawy stan\u0105 si\u0119 powa\u017cne. Ju\u017c dzi\u015b zadbaj o zdrowie swojego m\u00f3zgu \u2013 zdobywaj informacje, zmie\u0144 diet\u0119, b\u0105d\u017a aktywny i szukaj profesjonalnej pomocy.  <\/p>\n\n<p>Aby uzyska\u0107 wi\u0119cej informacji i konsultacji, skontaktuj si\u0119 z nami w <strong>Centrum Mariolab<\/strong>.<\/p>\n","protected":false},"excerpt":{"rendered":"<p>Demencja nie jest po prostu &#8220;cz\u0119\u015bci\u0105 starzenia si\u0119&#8221; \u2013 jest to powa\u017cny stan neurologiczny, kt\u00f3ry stopniowo niszczy pami\u0119\u0107, logik\u0119, mow\u0119 i zdolno\u015b\u0107 do codziennego funkcjonowania. Choroba Alzheimera, jako najcz\u0119stsza forma demencji, dotyka miliony ludzi na ca\u0142ym \u015bwiecie \u2013 i cz\u0119sto zaczyna si\u0119 podst\u0119pnie, od \u0142agodnych objaw\u00f3w, kt\u00f3re wielu ignoruje. W tym artykule dowiesz si\u0119, jak [&hellip;]<\/p>\n","protected":false},"author":2,"featured_media":10787,"comment_status":"open","ping_status":"open","sticky":false,"template":"","format":"standard","meta":{"_seopress_robots_primary_cat":"none","_seopress_titles_title":"","_seopress_titles_desc":"","_seopress_robots_index":"","footnotes":""},"categories":[1597],"tags":[1603],"class_list":["post-10791","post","type-post","status-publish","format-standard","has-post-thumbnail","hentry","category-zdrowie-mozgu","tag-demencja","wpbf-post"],"_links":{"self":[{"href":"https:\/\/mariolab.hr\/pl\/wp-json\/wp\/v2\/posts\/10791","targetHints":{"allow":["GET"]}}],"collection":[{"href":"https:\/\/mariolab.hr\/pl\/wp-json\/wp\/v2\/posts"}],"about":[{"href":"https:\/\/mariolab.hr\/pl\/wp-json\/wp\/v2\/types\/post"}],"author":[{"embeddable":true,"href":"https:\/\/mariolab.hr\/pl\/wp-json\/wp\/v2\/users\/2"}],"replies":[{"embeddable":true,"href":"https:\/\/mariolab.hr\/pl\/wp-json\/wp\/v2\/comments?post=10791"}],"version-history":[{"count":0,"href":"https:\/\/mariolab.hr\/pl\/wp-json\/wp\/v2\/posts\/10791\/revisions"}],"wp:featuredmedia":[{"embeddable":true,"href":"https:\/\/mariolab.hr\/pl\/wp-json\/wp\/v2\/media\/10787"}],"wp:attachment":[{"href":"https:\/\/mariolab.hr\/pl\/wp-json\/wp\/v2\/media?parent=10791"}],"wp:term":[{"taxonomy":"category","embeddable":true,"href":"https:\/\/mariolab.hr\/pl\/wp-json\/wp\/v2\/categories?post=10791"},{"taxonomy":"post_tag","embeddable":true,"href":"https:\/\/mariolab.hr\/pl\/wp-json\/wp\/v2\/tags?post=10791"}],"curies":[{"name":"wp","href":"https:\/\/api.w.org\/{rel}","templated":true}]}}