{"id":4402,"date":"2024-02-13T17:26:45","date_gmt":"2024-02-13T16:26:45","guid":{"rendered":"https:\/\/mariolab.hr\/wspanialy-naturalny-srodek-zapobiega-demencji\/"},"modified":"2024-03-11T18:04:47","modified_gmt":"2024-03-11T17:04:47","slug":"wspanialy-naturalny-srodek-zapobiega-demencji","status":"publish","type":"post","link":"https:\/\/mariolab.hr\/pl\/wspanialy-naturalny-srodek-zapobiega-demencji\/","title":{"rendered":"Wspania\u0142y naturalny \u015brodek zapobiega demencji!"},"content":{"rendered":"\n<figure class=\"wp-block-embed is-type-video is-provider-youtube wp-block-embed-youtube wp-embed-aspect-16-9 wp-has-aspect-ratio\"><div class=\"wp-block-embed__wrapper\">\n<div class=\"wpbf-responsive-embed\"><iframe title=\"\u010cudesni prirodni  lijek  spre\u010dava demenciju!\" width=\"1200\" height=\"675\" src=\"https:\/\/www.youtube.com\/embed\/1BU_pJiGXGY?feature=oembed\" frameborder=\"0\" allow=\"accelerometer; autoplay; clipboard-write; encrypted-media; gyroscope; picture-in-picture; web-share\" allowfullscreen><\/iframe><\/div>\n<\/div><\/figure>\n\n<p>W dzisiejszym temacie podam Ci najlepszy naturalny \u015brodek na demencj\u0119. Prosz\u0119 mnie pos\u0142ucha\u0107, jest to szczeg\u00f3lnie wa\u017cne dla os\u00f3b powy\u017cej 50, 60, 70 roku \u017cycia. Obecnie na \u015bwiecie obserwuje si\u0119 znaczn\u0105 ekspansj\u0119 demencji, a w ci\u0105gu najbli\u017cszych kilku dekad sytuacja b\u0119dzie znacznie gorsza. Ot\u0119pienie jest post\u0119puj\u0105c\u0105 chorob\u0105 neurodegeneracyjn\u0105 o\u015brodkowego uk\u0142adu nerwowego.<\/p>\n\n<p>Faktem jest, \u017ce na ca\u0142ym \u015bwiecie w wielu stanach wi\u0119kszo\u015b\u0107 populacji to osoby starsze, poniewa\u017c \u015brednia d\u0142ugo\u015b\u0107 \u017cycia wzros\u0142a, a ze wzgl\u0119du na nowoczesny styl \u017cycia rodzi si\u0119 mniej os\u00f3b. Ma to r\u00f3wnie\u017c pewne konsekwencje zdrowotne. Starzenie si\u0119 spo\u0142ecze\u0144stwa na \u015bwiecie i rosn\u0105ca liczba os\u00f3b cierpi\u0105cych na jaki\u015b rodzaj demencji maj\u0105 wp\u0142yw na ich rodziny i systemy opieki zdrowotnej na ca\u0142ym \u015bwiecie.<\/p>\n\n<p>Ze wzgl\u0119du na wyd\u0142u\u017cenie \u017cycia cz\u0142owieka, wed\u0142ug szacunk\u00f3w naukowych, w niedalekiej przysz\u0142o\u015bci czeka nas epidemia demencji. Wed\u0142ug \u015awiatowej Organizacji Zdrowia 47,5 miliona ludzi na ca\u0142ym \u015bwiecie cierpi na jak\u0105\u015b form\u0119 demencji. Szacuje si\u0119, \u017ce w Unii Europejskiej jest 6,4 miliona os\u00f3b cierpi\u0105cych na takie choroby. do 2050 r. Liczba os\u00f3b cierpi\u0105cych na demencj\u0119 na \u015bwiecie mo\u017ce wzrosn\u0105\u0107 do ponad 115 milion\u00f3w.<\/p>\n\n<p>Mikroskopijne zmiany w m\u00f3zgu zaczynaj\u0105 si\u0119 na d\u0142ugo przed pierwszymi oznakami utraty pami\u0119ci. M\u00f3zg ma 100 miliard\u00f3w kom\u00f3rek nerwowych (neuron\u00f3w). Ka\u017cda kom\u00f3rka nerwowa \u0142\u0105czy si\u0119 z wieloma innymi, tworz\u0105c sieci komunikacyjne. Grupy kom\u00f3rek nerwowych maj\u0105 specjalne zadania. Niekt\u00f3re s\u0105 zaanga\u017cowane w my\u015blenie, uczenie si\u0119 i pami\u0119\u0107. Inne pomagaj\u0105 nam widzie\u0107, s\u0142ysze\u0107 i w\u0105cha\u0107.<\/p>\n\n<h2 class=\"wp-block-heading has-text-align-center has-white-color has-text-color has-background has-link-color wp-elements-2698bb61b24d4d3b7f4fb745960a3339\" style=\"background-color:#044363\">JAKIE S\u0104 WCZESNE OBJAWY DEMENCJI?<\/h2>\n\n<p>UTRATA PAMI\u0118CI, ZAPOMINANIE IMION, ADRES\u00d3W, REGULARNE ZADAWANIE TYCH SAMYCH PYTA\u0143, DEZORIENTACJA, PROBLEMY Z MOW\u0104, ZABURZENIA SNU, WAHANIA NASTROJU&#8230; P\u00f3\u017aniejsze objawy to: trudno\u015bci ze zmian\u0105 pozycji lub poruszania si\u0119 bez pomocy, znaczna utrata masy cia\u0142a, stopniowa utrata mowy, znaczne problemy z pami\u0119ci\u0105 kr\u00f3tkotrwa\u0142\u0105 i d\u0142ugotrwa\u0142\u0105&#8230; To wszystko s\u0105 objawy demencji.<\/p>\n\n<p><br\/>Wszystko, czego chcesz, to stymulowa\u0107 funkcjonowanie m\u00f3zgu w naturalny spos\u00f3b. Najlepsz\u0105 ro\u015blin\u0105 do zapobiegania i leczenia demencji jest MI\u0141ORZ\u0104B BILOBA. Ginkgo biloba jest zwykle wytwarzany z li\u015bci bardzo d\u0142ugo \u017cyj\u0105cego drzewa. To bardzo wytrzyma\u0142e drzewo mo\u017ce przetrwa\u0107 setki lat. Dorasta znacznie ponad 30 metr\u00f3w wysoko\u015bci, jego kr\u00f3tkie ga\u0142\u0119zie maj\u0105 wachlarzowate li\u015bcie, ale wytwarza r\u00f3wnie\u017c niejadalne owoce.<\/p>\n\n<h2 class=\"wp-block-heading has-text-align-center has-white-color has-text-color has-background has-link-color wp-elements-52ade71670ed433851de38ec712729f1\" style=\"background-color:#044363;text-transform:uppercase\"><a href=\"https:\/\/www.youtube.com\/watch?v=1BU_pJiGXGY&amp;ab_channel=MarioLAB\" data-type=\"link\" data-id=\"https:\/\/www.youtube.com\/watch?v=1BU_pJiGXGY&amp;ab_channel=MarioLAB\">Aby uzyska\u0107 wszystkie informacje na temat wp\u0142ywu mi\u0142orz\u0119bu japo\u0144skiego na zdrowie m\u00f3zgu i zapobieganie demencji, obejrzyj wideo&#8230;<\/a><\/h2>\n","protected":false},"excerpt":{"rendered":"<p>W dzisiejszym temacie podam Ci najlepszy naturalny \u015brodek na demencj\u0119. Prosz\u0119 mnie pos\u0142ucha\u0107, jest to szczeg\u00f3lnie wa\u017cne dla os\u00f3b powy\u017cej 50, 60, 70 roku \u017cycia. Obecnie na \u015bwiecie obserwuje si\u0119 znaczn\u0105 ekspansj\u0119 demencji, a w ci\u0105gu najbli\u017cszych kilku dekad sytuacja b\u0119dzie znacznie gorsza. Ot\u0119pienie jest post\u0119puj\u0105c\u0105 chorob\u0105 neurodegeneracyjn\u0105 o\u015brodkowego uk\u0142adu nerwowego. Faktem jest, \u017ce na [&hellip;]<\/p>\n","protected":false},"author":2,"featured_media":4405,"comment_status":"open","ping_status":"open","sticky":false,"template":"","format":"standard","meta":{"_seopress_robots_primary_cat":"","_seopress_titles_title":"","_seopress_titles_desc":"","_seopress_robots_index":"","footnotes":""},"categories":[1469,1597,1487],"tags":[1603,1662,1592],"class_list":["post-4402","post","type-post","status-publish","format-standard","has-post-thumbnail","hentry","category-naturalne-srodki-zaradcze","category-zdrowie-mozgu","category-ziola-i-przyprawy","tag-demencja","tag-milorzab-dwuklapowy","tag-starzenie-sie","wpbf-post"],"_links":{"self":[{"href":"https:\/\/mariolab.hr\/pl\/wp-json\/wp\/v2\/posts\/4402","targetHints":{"allow":["GET"]}}],"collection":[{"href":"https:\/\/mariolab.hr\/pl\/wp-json\/wp\/v2\/posts"}],"about":[{"href":"https:\/\/mariolab.hr\/pl\/wp-json\/wp\/v2\/types\/post"}],"author":[{"embeddable":true,"href":"https:\/\/mariolab.hr\/pl\/wp-json\/wp\/v2\/users\/2"}],"replies":[{"embeddable":true,"href":"https:\/\/mariolab.hr\/pl\/wp-json\/wp\/v2\/comments?post=4402"}],"version-history":[{"count":0,"href":"https:\/\/mariolab.hr\/pl\/wp-json\/wp\/v2\/posts\/4402\/revisions"}],"wp:featuredmedia":[{"embeddable":true,"href":"https:\/\/mariolab.hr\/pl\/wp-json\/wp\/v2\/media\/4405"}],"wp:attachment":[{"href":"https:\/\/mariolab.hr\/pl\/wp-json\/wp\/v2\/media?parent=4402"}],"wp:term":[{"taxonomy":"category","embeddable":true,"href":"https:\/\/mariolab.hr\/pl\/wp-json\/wp\/v2\/categories?post=4402"},{"taxonomy":"post_tag","embeddable":true,"href":"https:\/\/mariolab.hr\/pl\/wp-json\/wp\/v2\/tags?post=4402"}],"curies":[{"name":"wp","href":"https:\/\/api.w.org\/{rel}","templated":true}]}}